{"id":1076,"date":"2024-01-04T16:00:48","date_gmt":"2024-01-04T15:00:48","guid":{"rendered":"https:\/\/www.meinepraxis.at\/?p=1076"},"modified":"2024-05-25T14:36:35","modified_gmt":"2024-05-25T12:36:35","slug":"termine-innerhalb-einer-woche","status":"publish","type":"post","link":"https:\/\/www.meinepraxis.at\/de\/termine-innerhalb-einer-woche\/","title":{"rendered":"Termine innerhalb einer Woche"},"content":{"rendered":"\n<p>Ich bin schon lange Therapeut und bekannt daf\u00fcr ausgebucht zu sein. Das soll sich jetzt \u00e4ndern. Ich reserviere jede Woche Termine, die ich auf Anfrage nicht im Vorfeld vergebe, sondern freihalte um dringende Probleme von Menschen mit akuten Schmerzen behandeln zu k\u00f6nnen.<br>Es ist mir ein Anliegen, dass Menschen, die Schmerzen haben, nicht warten m\u00fcssen.<\/p>\n\n\n\n<blockquote class=\"wp-block-quote is-layout-flow wp-block-quote-is-layout-flow\">\n<p>Wenn es also ein akutes Problem gibt, bitte gleich melden! Ich werde mein Bestes geben um rasch einen Termin anbieten zu k\u00f6nnen. <\/p>\n<\/blockquote>\n\n\n\n<p>Warten und k\u00fcnstliche Verknappung geh\u00f6ren mittlerweile zu unserem Alltag. Wir stellen uns an um Turnschuhe zu kaufen, um Kleidung zu probieren und wir warten auf Behandlungen. Es ist zu einem Qualit\u00e4tsigel f\u00fcr uns Therapeutinnen geworden, m\u00f6glichst lange Wartezeiten vorweisen zu k\u00f6nnen. Dabei ist es manchmal gar kein Zeichen von hoher Qualit\u00e4t, sondern eher von schlechter Organisation.<\/p>\n","protected":false},"excerpt":{"rendered":"<p>Ich bin schon lange Therapeut und bekannt daf\u00fcr ausgebucht zu sein. Das soll sich jetzt \u00e4ndern. Ich reserviere jede Woche Termine, die ich auf Anfrage nicht im Vorfeld vergebe, sondern freihalte um dringende Probleme von Menschen mit akuten Schmerzen behandeln zu k\u00f6nnen.Es ist mir ein Anliegen, dass Menschen, die Schmerzen [&hellip;]<\/p>\n","protected":false},"author":3,"featured_media":960,"comment_status":"closed","ping_status":"closed","sticky":false,"template":"","format":"standard","meta":{"_acf_changed":false,"footnotes":""},"categories":[1],"class_list":["post-1076","post","type-post","status-publish","format-standard","has-post-thumbnail","hentry","category-unkategorisiert"],"acf":[],"_links":{"self":[{"href":"https:\/\/www.meinepraxis.at\/de\/wp-json\/wp\/v2\/posts\/1076","targetHints":{"allow":["GET"]}}],"collection":[{"href":"https:\/\/www.meinepraxis.at\/de\/wp-json\/wp\/v2\/posts"}],"about":[{"href":"https:\/\/www.meinepraxis.at\/de\/wp-json\/wp\/v2\/types\/post"}],"author":[{"embeddable":true,"href":"https:\/\/www.meinepraxis.at\/de\/wp-json\/wp\/v2\/users\/3"}],"replies":[{"embeddable":true,"href":"https:\/\/www.meinepraxis.at\/de\/wp-json\/wp\/v2\/comments?post=1076"}],"version-history":[{"count":3,"href":"https:\/\/www.meinepraxis.at\/de\/wp-json\/wp\/v2\/posts\/1076\/revisions"}],"predecessor-version":[{"id":1344,"href":"https:\/\/www.meinepraxis.at\/de\/wp-json\/wp\/v2\/posts\/1076\/revisions\/1344"}],"wp:featuredmedia":[{"embeddable":true,"href":"https:\/\/www.meinepraxis.at\/de\/wp-json\/wp\/v2\/media\/960"}],"wp:attachment":[{"href":"https:\/\/www.meinepraxis.at\/de\/wp-json\/wp\/v2\/media?parent=1076"}],"wp:term":[{"taxonomy":"category","embeddable":true,"href":"https:\/\/www.meinepraxis.at\/de\/wp-json\/wp\/v2\/categories?post=1076"}],"curies":[{"name":"wp","href":"https:\/\/api.w.org\/{rel}","templated":true}]}}