{"id":897,"date":"2023-09-17T11:33:12","date_gmt":"2023-09-17T09:33:12","guid":{"rendered":"https:\/\/www.meinepraxis.at\/?p=897"},"modified":"2023-11-04T09:21:12","modified_gmt":"2023-11-04T08:21:12","slug":"endlich","status":"publish","type":"post","link":"https:\/\/www.meinepraxis.at\/de\/endlich\/","title":{"rendered":"alles \u00fcber Ern\u00e4hrung lernen"},"content":{"rendered":"\n<p>Ich freue mich sehr euch nach vielen Jahren endlich eine Ansprechpartnerin f\u00fcr eure Ern\u00e4hrung vorstellen zu d\u00fcrfen. Ab heuer werde ich in Sachen Ern\u00e4hrung und Stoffwechsel mit Anastasia Plechinger zusammenarbeiten. Ihr findet ihren <a href=\"https:\/\/www.meinepraxis.at\/de\/netzwerk\/\">Kontakt<\/a><a href=\"http:\/\/meinepraxis.at\/zusammenarbeit\"> <\/a>unter Netzwerk. Viel Vergn\u00fcgen und ein gesundes Leben!<\/p>\n","protected":false},"excerpt":{"rendered":"<p>Ich freue mich sehr euch nach vielen Jahren endlich eine Ansprechpartnerin f\u00fcr eure Ern\u00e4hrung vorstellen zu d\u00fcrfen. Ab heuer werde ich in Sachen Ern\u00e4hrung und Stoffwechsel mit Anastasia Plechinger zusammenarbeiten. Ihr findet ihren Kontakt unter Netzwerk. Viel Vergn\u00fcgen und ein gesundes Leben!<\/p>\n","protected":false},"author":3,"featured_media":891,"comment_status":"closed","ping_status":"closed","sticky":false,"template":"","format":"standard","meta":{"_acf_changed":false,"footnotes":""},"categories":[1],"class_list":["post-897","post","type-post","status-publish","format-standard","has-post-thumbnail","hentry","category-unkategorisiert"],"acf":[],"_links":{"self":[{"href":"https:\/\/www.meinepraxis.at\/de\/wp-json\/wp\/v2\/posts\/897","targetHints":{"allow":["GET"]}}],"collection":[{"href":"https:\/\/www.meinepraxis.at\/de\/wp-json\/wp\/v2\/posts"}],"about":[{"href":"https:\/\/www.meinepraxis.at\/de\/wp-json\/wp\/v2\/types\/post"}],"author":[{"embeddable":true,"href":"https:\/\/www.meinepraxis.at\/de\/wp-json\/wp\/v2\/users\/3"}],"replies":[{"embeddable":true,"href":"https:\/\/www.meinepraxis.at\/de\/wp-json\/wp\/v2\/comments?post=897"}],"version-history":[{"count":8,"href":"https:\/\/www.meinepraxis.at\/de\/wp-json\/wp\/v2\/posts\/897\/revisions"}],"predecessor-version":[{"id":1091,"href":"https:\/\/www.meinepraxis.at\/de\/wp-json\/wp\/v2\/posts\/897\/revisions\/1091"}],"wp:featuredmedia":[{"embeddable":true,"href":"https:\/\/www.meinepraxis.at\/de\/wp-json\/wp\/v2\/media\/891"}],"wp:attachment":[{"href":"https:\/\/www.meinepraxis.at\/de\/wp-json\/wp\/v2\/media?parent=897"}],"wp:term":[{"taxonomy":"category","embeddable":true,"href":"https:\/\/www.meinepraxis.at\/de\/wp-json\/wp\/v2\/categories?post=897"}],"curies":[{"name":"wp","href":"https:\/\/api.w.org\/{rel}","templated":true}]}}